{"id":897,"date":"2012-11-24T10:16:17","date_gmt":"2012-11-24T09:16:17","guid":{"rendered":"https:\/\/freundeskreis-uganda.de\/?p=897"},"modified":"2018-06-07T10:23:14","modified_gmt":"2018-06-07T08:23:14","slug":"alle-augen-auf-afrika","status":"publish","type":"post","link":"https:\/\/freundeskreis-uganda.de\/index.php\/2012\/11\/24\/alle-augen-auf-afrika\/","title":{"rendered":"Alle Augen auf Afrika"},"content":{"rendered":"<figure id=\"attachment_905\" aria-describedby=\"caption-attachment-905\" style=\"width: 300px\" class=\"wp-caption alignright\"><img loading=\"lazy\" decoding=\"async\" class=\"size-medium wp-image-905\" src=\"https:\/\/freundeskreis-uganda.de\/wp-content\/uploads\/2012\/11\/alle-augen-auf-afrika-300x194.jpg\" alt=\"Afrikanische Rhythmen auf Djemben: Zusammen mit der Gruppe &quot;Black and White&quot; unterhielten die Sch\u00fcler die Festg\u00e4ste. Foto: Birgit Kr\u00f6ner\" width=\"300\" height=\"194\" srcset=\"https:\/\/freundeskreis-uganda.de\/wp-content\/uploads\/2012\/11\/alle-augen-auf-afrika-300x194.jpg 300w, https:\/\/freundeskreis-uganda.de\/wp-content\/uploads\/2012\/11\/alle-augen-auf-afrika-768x497.jpg 768w, https:\/\/freundeskreis-uganda.de\/wp-content\/uploads\/2012\/11\/alle-augen-auf-afrika.jpg 819w\" sizes=\"auto, (max-width: 300px) 100vw, 300px\" \/><figcaption id=\"caption-attachment-905\" class=\"wp-caption-text\">Afrikanische Rhythmen auf Djemben: Zusammen mit der Gruppe &#8222;Black and White&#8220; unterhielten die Sch\u00fcler die Festg\u00e4ste. Foto: Birgit Kr\u00f6ner<\/figcaption><\/figure>\n<p><strong>Erst der Projekttag, dann die gro\u00dfe Feier: Der F\u00f6rderkreis der Geislinger Emil-von-Behring-Schule hatte zu seinem zehnj\u00e4hrigen Bestehen sein gro\u00dfes Programm unter dem Motto &#8222;Ein Tag f\u00fcr Afrika&#8220; organisiert.<\/strong><\/p>\n<p><em>BIRGIT KR\u00d6NER, Geislinger Zeitung<\/em><\/p>\n<p>GEISLINGEN. &#8222;Black an White &#8211; ein Tag f\u00fcr Afrika&#8220;: Unter diesem Motto hatte der F\u00f6rderkreis der Geislinger Emil-von-Behring-Schule anl\u00e4sslich seines zehnj\u00e4hrigen Bestehens einen Projekttag organisiert. Bereits am Morgen empfing die Gruppe &#8222;Black and White&#8220; &#8211; auf Deutsch &#8222;Schwarz und Wei\u00df&#8220; &#8211; die Sch\u00fclerinnen und Sch\u00fcler. Die Mitglieder der Gruppe stammen aus unterschiedlichen L\u00e4ndern Afrikas. Sie vermittelten den Eleven in einer kurzen Einf\u00fchrung ersten Eindruck vom oft schwierigen Leben auf dem Schwarzen Kontinent.<!--more--><\/p>\n<p>Anschlie\u00dfend standen f\u00fcr die Sch\u00fcler diverse Aktivit\u00e4ten auf dem Programm. In kleinen Gruppen \u00fcbten sie unter Anleitung durch die Gruppe &#8222;Black and White&#8220; afrikanische T\u00e4nze und Lieder und rhythmisierten diese auf Djemben (afrikanischen Trommeln).<\/p>\n<p>Aber auch ernstere Themen wurden an diesem Projekttag nicht ausgespart. So diskutierten die Sch\u00fcler angeregt \u00fcber die Probleme, mit denen sich afrikanische L\u00e4nder konfrontiert sehen &#8211; Hunger, Krankheiten, Kriege und ethnische Konflikte, Klima, wirtschaftliche Schwierigkeiten und so fort.<\/p>\n<p>Am Abend fand dann die Feier zum zehnj\u00e4hrigen Bestehen des F\u00f6rderkreises statt, musikalisch umrahmt von den Sch\u00fclern und &#8222;Black and White&#8220;. Nach der Begr\u00fc\u00dfung durch Schulleiterin Gabriele Braun \u00fcbernahm der F\u00f6rderkreis-Vorsitzende Uwe Gl\u00f6ckner die Moderation des Abends. Er verwies auf die vielf\u00e4ltigen Aktivit\u00e4ten wie Tastaturschulungen, die F\u00f6rderung der Theater-AG oder die Ausbildung von Streitschlichtern, die der F\u00f6rderkreis unterst\u00fctzt. Anschlie\u00dfend stellte Thomas Bopp die Projekte des Freundeskreises Ugandahilfe vor, f\u00fcr die an diesem Projekttag Spenden gesammelt wurden. Seit seinem Zivildienst engagiert sich der Geislinger f\u00fcr die Menschen in diesem zentralafrikanischen Land.<\/p>\n<p>Nach einer kurzen Pause, in der die Junior-Firma der Emil-von-Behring-Schule den G\u00e4sten Cocktails kredenzte, dankten sowohl die beiden Sch\u00fclersprecherinnen Anna Huber und Franziska Hiller als auch der Elternvertreter Albert Ehrhard dem F\u00f6rderkreis f\u00fcr das in den vergangenen zehn Jahren Geleistete. Ehrhard verwies dabei vor allem auf die &#8222;Kontakte nach au\u00dfen&#8220;, die der F\u00f6rderkreis kn\u00fcpfe. Dieses &#8222;Vitamin B&#8220; sei in der heutigen Zeit f\u00fcr die beruflichen Chancen der Jugendlichen essentiell.<\/p>\n","protected":false},"excerpt":{"rendered":"<p>Erst der Projekttag, dann die gro\u00dfe Feier: Der F\u00f6rderkreis der Geislinger Emil-von-Behring-Schule hatte zu seinem zehnj\u00e4hrigen Bestehen sein gro\u00dfes Programm unter dem Motto &#8222;Ein Tag f\u00fcr Afrika&#8220; organisiert. BIRGIT KR\u00d6NER, Geislinger Zeitung GEISLINGEN. &#8222;Black an White &#8211; ein Tag f\u00fcr Afrika&#8220;: Unter diesem Motto hatte der F\u00f6rderkreis der Geislinger Emil-von-Behring-Schule anl\u00e4sslich seines zehnj\u00e4hrigen Bestehens einen &hellip; <a href=\"https:\/\/freundeskreis-uganda.de\/index.php\/2012\/11\/24\/alle-augen-auf-afrika\/\" class=\"more-link\"><span class=\"screen-reader-text\">Alle Augen auf Afrika<\/span> weiterlesen<\/a><\/p>\n","protected":false},"author":1,"featured_media":0,"comment_status":"open","ping_status":"open","sticky":false,"template":"","format":"standard","meta":{"footnotes":""},"categories":[9],"tags":[],"class_list":["post-897","post","type-post","status-publish","format-standard","hentry","category-aus-den-medien"],"_links":{"self":[{"href":"https:\/\/freundeskreis-uganda.de\/index.php\/wp-json\/wp\/v2\/posts\/897","targetHints":{"allow":["GET"]}}],"collection":[{"href":"https:\/\/freundeskreis-uganda.de\/index.php\/wp-json\/wp\/v2\/posts"}],"about":[{"href":"https:\/\/freundeskreis-uganda.de\/index.php\/wp-json\/wp\/v2\/types\/post"}],"author":[{"embeddable":true,"href":"https:\/\/freundeskreis-uganda.de\/index.php\/wp-json\/wp\/v2\/users\/1"}],"replies":[{"embeddable":true,"href":"https:\/\/freundeskreis-uganda.de\/index.php\/wp-json\/wp\/v2\/comments?post=897"}],"version-history":[{"count":5,"href":"https:\/\/freundeskreis-uganda.de\/index.php\/wp-json\/wp\/v2\/posts\/897\/revisions"}],"predecessor-version":[{"id":933,"href":"https:\/\/freundeskreis-uganda.de\/index.php\/wp-json\/wp\/v2\/posts\/897\/revisions\/933"}],"wp:attachment":[{"href":"https:\/\/freundeskreis-uganda.de\/index.php\/wp-json\/wp\/v2\/media?parent=897"}],"wp:term":[{"taxonomy":"category","embeddable":true,"href":"https:\/\/freundeskreis-uganda.de\/index.php\/wp-json\/wp\/v2\/categories?post=897"},{"taxonomy":"post_tag","embeddable":true,"href":"https:\/\/freundeskreis-uganda.de\/index.php\/wp-json\/wp\/v2\/tags?post=897"}],"curies":[{"name":"wp","href":"https:\/\/api.w.org\/{rel}","templated":true}]}}